{"id":928,"date":"2025-09-02T14:12:36","date_gmt":"2025-09-02T11:12:36","guid":{"rendered":"https:\/\/ecocircular-ai.eu\/?p=928"},"modified":"2025-09-02T14:12:38","modified_gmt":"2025-09-02T11:12:38","slug":"ecocircularai-circular-economy-and-ai-in-education-from-testing-to-launch","status":"publish","type":"post","link":"https:\/\/ecocircular-ai.eu\/es\/ecocircularai-circular-economy-and-ai-in-education-from-testing-to-launch\/","title":{"rendered":"EcoCircularAI: Econom\u00eda circular e IA en la educaci\u00f3n, de la prueba al lanzamiento"},"content":{"rendered":"<p>A medida que el proyecto EcoCircularAI<strong> Erasmus+<\/strong> entra en su fase final, el consorcio se enorgullece de compartir los \u00faltimos avances y conocimientos adquiridos a trav\u00e9s de exhaustivas pruebas de usuario. Centrado en la integraci\u00f3n de los principios de la econom\u00eda circular en la educaci\u00f3n a trav\u00e9s de la inteligencia artificial, el proyecto ha pasado de la creaci\u00f3n de contenidos a la aplicaci\u00f3n en el mundo real.<\/p>\n\n\n\n<p><strong>Fases de prueba completadas:\u00a0<\/strong><\/p>\n\n\n\n<p>En mayo de 2025, el proyecto complet\u00f3 con \u00e9xito la prueba piloto en Espa\u00f1a.&nbsp;<\/p>\n\n\n\n<ul class=\"wp-block-list\">\n<li>Las pruebas piloto, realizadas el 19 de mayo con estudiantes de primer a\u00f1o del CFGS (Ciclo Formativo de Grado Superior) de Administraci\u00f3n y Finanzas en Jesu\u00eftes Bellvitge \u2013 Centre d\u2019Estudis Joan XXIII, confirmaron el dise\u00f1o intuitivo de la plataforma y el inter\u00e9s de los casos pr\u00e1cticos. Entre las \u00e1reas de mejora se encuentran la precisi\u00f3n del<strong> chatbot de IA y las traducciones a otros idiomas,<\/strong> aspectos que ya se est\u00e1n abordando.<\/li>\n<\/ul>\n\n\n\n<p><strong>Presentaci\u00f3n p\u00fablica en EFEC Girona<\/strong><\/p>\n\n\n\n<p>El 3 de junio de 2025, nuestro socio IEF present\u00f3 el proyecto durante la ceremonia de clausura del programa EFEC en Girona. Con 64 asistentes, entre educadores e invitados internacionales de Erasmus+, los primeros resultados de EcoCircularAI despertaron un gran inter\u00e9s. M\u00e1s de 25 proveedores de FP y voluntarios se comprometieron a utilizar los materiales, y dos estudiantes premiados explorar\u00e1n m\u00e1s oportunidades de aprendizaje.<\/p>\n\n\n\n<h4 class=\"wp-block-heading\"><strong>Accesible, multiling\u00fce e interactiva: la plataforma EcoCircularAI<\/strong><\/h4>\n\n\n\n<p>La nueva plataforma de aprendizaje de EcoCircularAI ya est\u00e1 en pleno funcionamiento y es accesible en todos los idiomas oficiales de la UE a trav\u00e9s de<a href=\"https:\/\/elearning.ecocircular-ai.eu\"> https:\/\/elearning.ecocircular-ai.eu<\/a>. Dise\u00f1ada con la inclusividad y la participaci\u00f3n del usuario en mente, la plataforma combina casos pr\u00e1cticos de econom\u00eda circular con aprendizaje asistido por IA. Los estudiantes se benefician de ejercicios interactivos y escenarios de la vida real en sectores como los residuos electr\u00f3nicos, los textiles y la hosteler\u00eda, mientras que los profesores pueden contar con una secci\u00f3n dedicada con materiales de formaci\u00f3n y herramientas de IA para guiar y evaluar a los alumnos. El chatbot, un componente central de la plataforma, sigue evolucionando bas\u00e1ndose en los comentarios de los usuarios, lo que garantiza una experiencia de aprendizaje din\u00e1mica y adaptable tanto para estudiantes como para educadores en toda Europa.<\/p>\n\n\n\n<p><strong>Pr\u00f3ximos pasos<\/strong><\/p>\n\n\n\n<ul class=\"wp-block-list\">\n<li><strong>Lanzamiento de la Gu\u00eda del usuario<\/strong><\/li>\n\n\n\n<li><strong>Lanzamiento p\u00fablico<\/strong> de la plataforma a finales de septiembre<\/li>\n<\/ul>\n\n\n\n<p><strong>Mantente conectado:&nbsp;<\/strong><\/p>\n\n\n\n<p>Sigue a EcoCircularAI en<a href=\"https:\/\/epale.ec.europa.eu\/es\/content\/ecocircularai-multiplier-event\"> <strong>EPALE<\/strong><\/a>,<a href=\"https:\/\/www.facebook.com\/profile.php?id=61558622167215&amp;locale=es_ES\"> <strong>Facebook<\/strong><\/a>, y<a href=\"https:\/\/www.linkedin.com\/company\/ecocircularai\/\"> <strong>LinkedIn<\/strong><\/a> para acceder a los recursos y unirte a la conversaci\u00f3n sobre el aprendizaje sostenible impulsado por la IA.<\/p>\n\n\n\n<p>El equipo de EcoCircularAI<\/p>","protected":false},"excerpt":{"rendered":"<p>As the EcoCircularAI Erasmus+ project enters its final stage, the consortium is proud to share the latest developments and insights gained from extensive user testing&#8230;<\/p>","protected":false},"author":2,"featured_media":0,"comment_status":"closed","ping_status":"closed","sticky":false,"template":"","format":"standard","meta":{"_acf_changed":false,"inline_featured_image":false,"footnotes":""},"categories":[10],"tags":[],"class_list":["post-928","post","type-post","status-publish","format-standard","hentry","category-news"],"acf":[],"_links":{"self":[{"href":"https:\/\/ecocircular-ai.eu\/es\/wp-json\/wp\/v2\/posts\/928","targetHints":{"allow":["GET"]}}],"collection":[{"href":"https:\/\/ecocircular-ai.eu\/es\/wp-json\/wp\/v2\/posts"}],"about":[{"href":"https:\/\/ecocircular-ai.eu\/es\/wp-json\/wp\/v2\/types\/post"}],"author":[{"embeddable":true,"href":"https:\/\/ecocircular-ai.eu\/es\/wp-json\/wp\/v2\/users\/2"}],"replies":[{"embeddable":true,"href":"https:\/\/ecocircular-ai.eu\/es\/wp-json\/wp\/v2\/comments?post=928"}],"version-history":[{"count":1,"href":"https:\/\/ecocircular-ai.eu\/es\/wp-json\/wp\/v2\/posts\/928\/revisions"}],"predecessor-version":[{"id":929,"href":"https:\/\/ecocircular-ai.eu\/es\/wp-json\/wp\/v2\/posts\/928\/revisions\/929"}],"wp:attachment":[{"href":"https:\/\/ecocircular-ai.eu\/es\/wp-json\/wp\/v2\/media?parent=928"}],"wp:term":[{"taxonomy":"category","embeddable":true,"href":"https:\/\/ecocircular-ai.eu\/es\/wp-json\/wp\/v2\/categories?post=928"},{"taxonomy":"post_tag","embeddable":true,"href":"https:\/\/ecocircular-ai.eu\/es\/wp-json\/wp\/v2\/tags?post=928"}],"curies":[{"name":"wp","href":"https:\/\/api.w.org\/{rel}","templated":true}]}}