{"id":928,"date":"2025-09-02T14:12:36","date_gmt":"2025-09-02T11:12:36","guid":{"rendered":"https:\/\/ecocircular-ai.eu\/?p=928"},"modified":"2025-09-02T14:12:38","modified_gmt":"2025-09-02T11:12:38","slug":"ecocircularai-circular-economy-and-ai-in-education-from-testing-to-launch","status":"publish","type":"post","link":"https:\/\/ecocircular-ai.eu\/ca\/ecocircularai-circular-economy-and-ai-in-education-from-testing-to-launch\/","title":{"rendered":"EcoCircularAI: Economia circular i IA en l'educaci\u00f3, de la prova al llan\u00e7ament"},"content":{"rendered":"<p>A mesura que el projecte EcoCircularAI<strong> Erasmus+<\/strong> entra a la seva fase final, el consorci est\u00e0 orgull\u00f3s de compartir els darrers desenvolupaments i coneixements adquirits a partir de proves d'usuari exhaustives. Centrat en la integraci\u00f3 dels principis de l'economia circular en l'educaci\u00f3 a trav\u00e9s de la intel\u00b7lig\u00e8ncia artificial, el projecte ha passat de la creaci\u00f3 de contingut a l'aplicaci\u00f3 en el m\u00f3n real.<\/p>\n\n\n\n<p><strong>Fases de prova completades:\u00a0<\/strong><\/p>\n\n\n\n<p>El maig de 2025, el projecte va completar amb \u00e8xit la prova pilot a Espanya.&nbsp;<\/p>\n\n\n\n<ul class=\"wp-block-list\">\n<li>Les proves pilot, dutes a terme el 19 de maig amb estudiants de primer any del CFGS (Cicle Formatiu de Grau Superior) d'Administraci\u00f3 i Finances a Jesu\u00eftes Bellvitge \u2013 Centre d\u2019Estudis Joan XXIII, van confirmar el disseny intu\u00eftiu de la plataforma i l'inter\u00e8s dels casos pr\u00e0ctics. Entre les \u00e0rees de millora es troben la precisi\u00f3 del<strong> chatbot d'IA i les traduccions d'idiomes,<\/strong> que ja s'estan abordant.<\/li>\n<\/ul>\n\n\n\n<p><strong>Presentaci\u00f3 p\u00fablica a EFEC Girona<\/strong><\/p>\n\n\n\n<p>El 3 de juny de 2025, el nostre soci IEF va presentar el projecte durant la cerim\u00f2nia de cloenda del programa EFEC a Girona. Amb 64 assistents, incloent educadors i convidats internacionals Erasmus+, els primers resultats d'EcoCircularAI van despertar un gran inter\u00e8s. M\u00e9s de 25 prove\u00efdors de FP i voluntaris es van comprometre a utilitzar els materials, i dos estudiants premiats exploraran m\u00e9s oportunitats d'aprenentatge.<\/p>\n\n\n\n<h4 class=\"wp-block-heading\"><strong>Accessible, multiling\u00fce i interactiva: la plataforma EcoCircularAI<\/strong><\/h4>\n\n\n\n<p>La nova plataforma d'aprenentatge d'EcoCircularAI ja est\u00e0 totalment operativa i \u00e9s accessible en tots els idiomes oficials de la UE a trav\u00e9s de<a href=\"https:\/\/elearning.ecocircular-ai.eu\"> https:\/\/elearning.ecocircular-ai.eu<\/a>. Dissenyada amb la inclusi\u00f3 i la participaci\u00f3 de l'usuari en ment, la plataforma combina casos pr\u00e0ctics d'economia circular amb aprenentatge assistit per IA. Els estudiants es beneficien d'exercicis interactius i escenaris de la vida real en sectors com els residus electr\u00f2nics, els t\u00e8xtils i l'hostaleria, mentre que els professors poden comptar amb una secci\u00f3 dedicada amb materials de formaci\u00f3 i eines d'IA per guiar i avaluar els aprenents. El chatbot, un component central de la plataforma, continua evolucionant basant-se en els comentaris dels usuaris, assegurant una experi\u00e8ncia d'aprenentatge din\u00e0mica i adaptable tant per a aprenents com per a educadors de tota Europa.<\/p>\n\n\n\n<p><strong>Pr\u00f2xims passos<\/strong><\/p>\n\n\n\n<ul class=\"wp-block-list\">\n<li><strong>Publicaci\u00f3 de la Guia de l'usuari<\/strong><\/li>\n\n\n\n<li><strong>Llan\u00e7ament p\u00fablic<\/strong> de la plataforma a finals de setembre<\/li>\n<\/ul>\n\n\n\n<p><strong>Estigues connectat:&nbsp;<\/strong><\/p>\n\n\n\n<p>Segueix EcoCircularAI a<a href=\"https:\/\/epale.ec.europa.eu\/es\/content\/ecocircularai-multiplier-event\"> <strong>EPALE<\/strong><\/a>,<a href=\"https:\/\/www.facebook.com\/profile.php?id=61558622167215&amp;locale=es_ES\"> <strong>Facebook<\/strong><\/a>, i<a href=\"https:\/\/www.linkedin.com\/company\/ecocircularai\/\"> <strong>LinkedIn<\/strong><\/a> per accedir als recursos i unir-te a la conversa sobre l'aprenentatge sostenible impulsat per la IA.<\/p>\n\n\n\n<p>L\u2019equip d\u2019EcoCircularAI<\/p>","protected":false},"excerpt":{"rendered":"<p>As the EcoCircularAI Erasmus+ project enters its final stage, the consortium is proud to share the latest developments and insights gained from extensive user testing&#8230;<\/p>","protected":false},"author":2,"featured_media":0,"comment_status":"closed","ping_status":"closed","sticky":false,"template":"","format":"standard","meta":{"_acf_changed":false,"inline_featured_image":false,"footnotes":""},"categories":[10],"tags":[],"class_list":["post-928","post","type-post","status-publish","format-standard","hentry","category-news"],"acf":[],"_links":{"self":[{"href":"https:\/\/ecocircular-ai.eu\/ca\/wp-json\/wp\/v2\/posts\/928","targetHints":{"allow":["GET"]}}],"collection":[{"href":"https:\/\/ecocircular-ai.eu\/ca\/wp-json\/wp\/v2\/posts"}],"about":[{"href":"https:\/\/ecocircular-ai.eu\/ca\/wp-json\/wp\/v2\/types\/post"}],"author":[{"embeddable":true,"href":"https:\/\/ecocircular-ai.eu\/ca\/wp-json\/wp\/v2\/users\/2"}],"replies":[{"embeddable":true,"href":"https:\/\/ecocircular-ai.eu\/ca\/wp-json\/wp\/v2\/comments?post=928"}],"version-history":[{"count":1,"href":"https:\/\/ecocircular-ai.eu\/ca\/wp-json\/wp\/v2\/posts\/928\/revisions"}],"predecessor-version":[{"id":929,"href":"https:\/\/ecocircular-ai.eu\/ca\/wp-json\/wp\/v2\/posts\/928\/revisions\/929"}],"wp:attachment":[{"href":"https:\/\/ecocircular-ai.eu\/ca\/wp-json\/wp\/v2\/media?parent=928"}],"wp:term":[{"taxonomy":"category","embeddable":true,"href":"https:\/\/ecocircular-ai.eu\/ca\/wp-json\/wp\/v2\/categories?post=928"},{"taxonomy":"post_tag","embeddable":true,"href":"https:\/\/ecocircular-ai.eu\/ca\/wp-json\/wp\/v2\/tags?post=928"}],"curies":[{"name":"wp","href":"https:\/\/api.w.org\/{rel}","templated":true}]}}