{"id":892,"date":"2025-02-28T10:26:09","date_gmt":"2025-02-28T07:26:09","guid":{"rendered":"https:\/\/ecocircular-ai.eu\/?p=892"},"modified":"2025-02-28T10:26:10","modified_gmt":"2025-02-28T07:26:10","slug":"eco-circular-ai-project-newsletter-february-2025","status":"publish","type":"post","link":"https:\/\/ecocircular-ai.eu\/ca\/eco-circular-ai-project-newsletter-february-2025\/","title":{"rendered":"Butllet\u00ed del projecte Eco Circular AI \u2013 febrer de 2025"},"content":{"rendered":"<p>Ens complau presentar-vos les \u00faltimes actualitzacions de la nostra plataforma educativa, dissenyada per millorar l'aprenentatge tant per als estudiants com per als formadors.<\/p>\n\n\n\n<p><strong>Qu\u00e8 hi ha de nou per als estudiants i els estudiants?<\/strong><\/p>\n\n\n\n<p>\ud83d\udd39 Objectius clars per a cada repte: on s\u2019estableixen objectius d'aprenentatge precisos per guiar el vostre progr\u00e9s.<br>\ud83d\udd39 Materials d'aprenentatge complets: amb recursos d'alta qualitat adaptats per a l'aprenentatge interactiu.<br>\ud83d\udd39 Tasques atractives i exercicis d'avaluaci\u00f3: per refor\u00e7ar la teva comprensi\u00f3 amb activitats pr\u00e0ctiques.<\/p>\n\n\n\n<p><strong>Qu\u00e8 hi ha disponible per a formadors i professors?<\/strong><\/p>\n\n\n\n<p>\ud83d\udd39 Plans d\u2019estudi detallats amb guies estructurades per donar suport a un aprenentatge efica\u00e7.<br>\ud83d\udd39 Recursos d'aprenentatge diversos amb una varietat de materials per enriquir les lli\u00e7ons.<br>\ud83d\udd39 Tasques i eines d'avaluaci\u00f3 personalitzades per tal de mesurar el progr\u00e9s dels estudiants de manera eficient.<\/p>\n\n\n\n<p>A m\u00e9s, la nostra plataforma inclou un espai de f\u00f2rum on es fomenta la discussi\u00f3 i la interacci\u00f3 entre formadors i estudiants, tot creant una comunitat d'aprenentatge actiu.<\/p>\n\n\n\n<p><strong>Integraci\u00f3 de xat d'IA: una pe\u00e7a clau en el model educatiu!<\/strong><strong><br><\/strong>Una de les incorporacions m\u00e9s interessants a la nostra plataforma \u00e9s la integraci\u00f3 d'un assistent de xat d'IA, dissenyat per millorar l'experi\u00e8ncia d'aprenentatge. Tant si sou un estudiant que busca coneixements m\u00e9s profunds com si sou un professor que busca perfeccionar la seva estrat\u00e8gia d'ensenyament, el xat d'IA us donar\u00e0 suport al vostre viatge educatiu amb una guia interactiva i intel\u00b7ligent.<\/p>\n\n\n\n<p><strong>Activitats recents i reunions mensuals<\/strong><\/p>\n\n\n\n<p>El nostre equip ha estat treballant activament per avan\u00e7ar en el projecte EcoCircularAI, amb aven\u00e7os importants en els \u00faltims mesos. Una de les primeres fites clau va ser el desenvolupament de la Matriu de Compet\u00e8ncies, creada per l'Institut d'Estudis Financers (IEF) i la Universitat Oberta de Catalunya (UOC). Aquest marc integral classifica les compet\u00e8ncies essencials i espec\u00edfiques juntament amb els criteris d'avaluaci\u00f3, servint de base per configurar els desenvolupaments futurs del projecte i orientar la formaci\u00f3 professional en l\u2019\u00e0mbit de la sostenibilitat.<\/p>\n\n\n\n<p>Basada en una investigaci\u00f3 extensa, la matriu de compet\u00e8ncies pren com a refer\u00e8ncia el sistema de classificaci\u00f3 ESCO (European Skills, Competences, Qualifications, and Occupations). En alinear-nos amb ESCO, ens assegurem que les compet\u00e8ncies adquirides pels estudiants s'ajusten a les necessitats del mercat laboral, fomentant compet\u00e8ncies reconegudes i valorades a tot Europa.<\/p>\n\n\n\n<p>El contingut d'aprenentatge de la plataforma EcoCircularAI tamb\u00e9 ha estat desenvolupat per l'IEF i la UOC, garantint materials d'alta qualitat basats en la investigaci\u00f3 que s'alineen amb les necessitats del sector i les millors pr\u00e0ctiques educatives.<\/p>\n\n\n\n<p><strong>Punts destacats de les nostres reunions mensuals<\/strong><\/p>\n\n\n\n<p>Com a part del nostre comprom\u00eds amb la transpar\u00e8ncia i el progr\u00e9s, les nostres reunions mensuals tenen un paper crucial a l'hora d'avaluar els aven\u00e7os, perfeccionar l\u2019estrat\u00e8gia i garantir l'alineaci\u00f3 amb els objectius del projecte. Els debats clau de les \u00faltimes sessions van incloure:<\/p>\n\n\n\n<p>\ud83d\udd39 Balan\u00e7 del projecte (WP2): revisar l'estat actual dels paquets de treball, assegurar els assoliments i identificar \u00e0rees que requereixen atenci\u00f3 addicional per tal de garantir l\u2019assoliment del projecte.<\/p>\n\n\n\n<p>\ud83d\udd39 Avaluaci\u00f3 del pla de difusi\u00f3: avaluaci\u00f3 de les estrat\u00e8gies de difusi\u00f3 en curs per garantir que els objectius i l'impacte del projecte es comuniquin de manera efectiva a un p\u00fablic ampli.<\/p>\n\n\n\n<p>\ud83d\udd39 Selecci\u00f3 d'experts i grups d'inter\u00e8s: definir els criteris clau per seleccionar experts i grups d'inter\u00e8s, garantint que les seves contribucions aportin el m\u00e0xim valor al projecte.<\/p>\n\n\n\n<p>\ud83d\udd39 Planificaci\u00f3 d'esdeveniments multiplicadors: es defineixen els passos a seguir per a l\u2019organitzaci\u00f3 dels esdeveniments vinents. Aquests esdeveniments mostraran el progr\u00e9s del projecte i implicaran un p\u00fablic m\u00e9s ampli en la discussi\u00f3 sobre l'educaci\u00f3 en l\u2019\u00e0mbit de l\u2019economia circular.<\/p>\n\n\n\n<p>\ud83d\udd39 Simulacions i preparaci\u00f3 del pilot: preparant-nos per a les pr\u00f2ximes activitats vinculades a la fase del pilot, centrant-nos en l\u2019execuci\u00f3 i en l\u2019obtenci\u00f3 de millores significatives per a la perfecci\u00f3 del projecte.<\/p>\n\n\n\n<p>\ud83d\udd39 Elaboraci\u00f3 de diferents informes: on s\u2019estructura i s\u2019elabora un informe a mitjan projecte sobre els primers paquets de treballs i que inclou els assoliments clau, els reptes superats i les futures l\u00ednies del projecte.<\/p>\n\n\n\n<p>Gr\u00e0cies a la dedicaci\u00f3 del nostre equip i socis, aquestes discussions han refor\u00e7at les bases del projecte i han marcat objectius clars per a les seg\u00fcents fases.<\/p>\n\n\n\n<p><strong>Qu\u00e8 estem desenvolupant?<\/strong><\/p>\n\n\n\n<p>\ud83d\ude80 Una plataforma educativa d'avantguarda impulsada per IA amb l\u2019objectiu de personalitzar l'aprenentatge.<br>\ud83d\udcda Continguts espec\u00edfics dissenyats per formar la pr\u00f2xima generaci\u00f3 de professionals en economia circular.<br>\ud83c\udf0d Un entorn d'aprenentatge din\u00e0mic i accessible, alineat amb les necessitats del mercat laboral.<\/p>\n\n\n\n<p>La plataforma d'aprenentatge en l\u00ednia EcoCircularAI est\u00e0 desenvolupada per Innovade Ll, juntament amb els altres socis del projecte i forma part dels projectes finan\u00e7ats per Erasmus+. El projecte persegueix oferir una manera diferent d\u2019interactuar, ensenyar i aprendre tot fent \u00fas de la intel\u00b7lig\u00e8ncia artificial, element innovador que transformar\u00e0 la manera d\u2019impartir el contingut educatiu, oferint una experi\u00e8ncia adaptativa i interactiva tant per a estudiants com per a formadors.<\/p>\n\n\n\n<p>A m\u00e9s, la plataforma utilitza la classificaci\u00f3 ESCO, assegurant que els estudiants adquireixin compet\u00e8ncies alineades amb les necessitats del mercat laboral actual, especialment en economia circular i sostenibilitat.<\/p>\n\n\n\n<p><strong>Mantingueu-vos Connectats!<\/strong><\/p>\n\n\n\n<p>\ud83d\udccd Seguiu el nostre progr\u00e9s i participeu en els debats a trav\u00e9s de les nostres plataformes:<br><\/p>\n\n\n\n<p><a href=\"https:\/\/epale.ec.europa.eu\/en\/blog\/vocational-education-and-training-vet-undergoing-significant-transformation-terms-its-ability\">EPALE<\/a> \u2013 Uneix-te a la conversa a la Plataforma Electr\u00f2nica per a l\u2019Aprenentatge d\u2019Adults a Europa.<br><a href=\"https:\/\/www.facebook.com\/people\/Eco-Circular-AI\/61558622167215\/\">Facebook<\/a> \u2013 Estigues al dia de les nostres activitats i novetats del projecte.<br><a href=\"https:\/\/www.linkedin.com\/company\/ecocircularai\/\">LinkedIn<\/a> \u2013 Participa en converses professionals i oportunitats de col\u00b7laboraci\u00f3.<\/p>\n\n\n\n<p>Us animem a explorar la plataforma i a aprofitar al m\u00e0xim les seves noves funcionalitats.<\/p>\n\n\n\n<p>L\u2019equip d\u2019EcoCircularAI<\/p>","protected":false},"excerpt":{"rendered":"<p>We\u2019re excited to bring you the latest updates on our educational platform, designed to enhance learning for both trainees and trainers. What\u2019s new for trainees..<\/p>","protected":false},"author":2,"featured_media":711,"comment_status":"closed","ping_status":"closed","sticky":false,"template":"","format":"standard","meta":{"_acf_changed":false,"inline_featured_image":false,"footnotes":""},"categories":[10],"tags":[],"class_list":["post-892","post","type-post","status-publish","format-standard","has-post-thumbnail","hentry","category-news"],"acf":[],"_links":{"self":[{"href":"https:\/\/ecocircular-ai.eu\/ca\/wp-json\/wp\/v2\/posts\/892","targetHints":{"allow":["GET"]}}],"collection":[{"href":"https:\/\/ecocircular-ai.eu\/ca\/wp-json\/wp\/v2\/posts"}],"about":[{"href":"https:\/\/ecocircular-ai.eu\/ca\/wp-json\/wp\/v2\/types\/post"}],"author":[{"embeddable":true,"href":"https:\/\/ecocircular-ai.eu\/ca\/wp-json\/wp\/v2\/users\/2"}],"replies":[{"embeddable":true,"href":"https:\/\/ecocircular-ai.eu\/ca\/wp-json\/wp\/v2\/comments?post=892"}],"version-history":[{"count":1,"href":"https:\/\/ecocircular-ai.eu\/ca\/wp-json\/wp\/v2\/posts\/892\/revisions"}],"predecessor-version":[{"id":893,"href":"https:\/\/ecocircular-ai.eu\/ca\/wp-json\/wp\/v2\/posts\/892\/revisions\/893"}],"wp:featuredmedia":[{"embeddable":true,"href":"https:\/\/ecocircular-ai.eu\/ca\/wp-json\/wp\/v2\/media\/711"}],"wp:attachment":[{"href":"https:\/\/ecocircular-ai.eu\/ca\/wp-json\/wp\/v2\/media?parent=892"}],"wp:term":[{"taxonomy":"category","embeddable":true,"href":"https:\/\/ecocircular-ai.eu\/ca\/wp-json\/wp\/v2\/categories?post=892"},{"taxonomy":"post_tag","embeddable":true,"href":"https:\/\/ecocircular-ai.eu\/ca\/wp-json\/wp\/v2\/tags?post=892"}],"curies":[{"name":"wp","href":"https:\/\/api.w.org\/{rel}","templated":true}]}}